{"id":2126,"date":"2022-03-31T19:19:45","date_gmt":"2022-03-31T17:19:45","guid":{"rendered":"https:\/\/bewadesch.com\/?p=2126"},"modified":"2022-09-06T10:51:56","modified_gmt":"2022-09-06T08:51:56","slug":"krise-als-chance-nutzen","status":"publish","type":"post","link":"https:\/\/bewadesch.com\/index.php\/2022\/03\/31\/krise-als-chance-nutzen\/","title":{"rendered":"Krise als Chance nutzen!"},"content":{"rendered":"\n<p>Die Preise f\u00fcr Lebensmittel und Energie steigen zur Zeit fast t\u00e4glich. Ich sehe darin eine gro\u00dfe Chance unsere Konsumgewohnheiten zu \u00e4ndern! Das sorglose und planlose Einkaufen sollte in Krisensituationen endg\u00fcltig der Vergangenheit angeh\u00f6ren. F\u00fcr viele KonsumentInnen wird das vollst\u00e4ndige &#8222;Verwerten&#8220; der erworbenen Lebensmittel, in Zukunft, zur wirtschaftlichen Notwendigkeit werden. Ich glaube, dass die meisten Menschen in den Industriel\u00e4ndern sich es nicht mehr leisten k\u00f6nnen f\u00fcr die &#8222;M\u00fclltonne&#8220; Besorgungen zu machen.<\/p>\n\n\n\n<p>Wie sich die Preissteigerungen am Energiesektor auf die globale Wirtschaft auswirken, ist vielen Leuten nicht bewusst! So wird zum Beispiel bei der Stickstoffd\u00fcngererzeugung Erdgas in rauen Mengen ben\u00f6tigt. Ohne massiven Kunstd\u00fcngereinsatz bei der Produktion von Mais, Weizen und Soja k\u00f6nnten die Weltmarktf\u00fchrer(Kanada, Russland, Ukraine, USA) aber nicht so kosteng\u00fcnstig, Grundnahrungs- und Futtermittel herstellen! <\/p>\n\n\n\n<p>Vielleicht ergibt sich durch die Verteuerung und Verknappung von Lebensmitteln eine gro\u00dfe Chance hin zu einem Einkaufsverhalten nach dem Motto: &#8222;Weniger ist mehr&#8220; und &#8222;Qualit\u00e4t vor Quantit\u00e4t!! Meiner Meinung nach werden in Zukunft auch ehrliche Anstrengungen zum <strong>Energie sparen<\/strong> n\u00f6tig sein. Der Verzicht auf so manchen umweltsch\u00e4dlichen Luxus k\u00f6nnte so zu einem Vorteil f\u00fcr uns ALLE werden.<\/p>\n","protected":false},"excerpt":{"rendered":"<p>Die Preise f\u00fcr Lebensmittel und Energie steigen zur Zeit fast t\u00e4glich. Ich sehe darin eine gro\u00dfe Chance unsere Konsumgewohnheiten zu \u00e4ndern! Das sorglose und planlose Einkaufen sollte in Krisensituationen endg\u00fcltig der Vergangenheit angeh\u00f6ren. F\u00fcr viele KonsumentInnen wird das vollst\u00e4ndige &#8222;Verwerten&#8220; der erworbenen Lebensmittel, in Zukunft, zur wirtschaftlichen Notwendigkeit werden. Ich [&hellip;]<\/p>\n","protected":false},"author":1,"featured_media":2127,"comment_status":"open","ping_status":"open","sticky":false,"template":"","format":"standard","meta":{"ngg_post_thumbnail":0,"footnotes":""},"categories":[1,18,5],"tags":[36,35],"class_list":["post-2126","post","type-post","status-publish","format-standard","has-post-thumbnail","hentry","category-allgemein","category-land-und-leute","category-lebensmittel","tag-energiepreise","tag-erdgas"],"aioseo_notices":[],"_links":{"self":[{"href":"https:\/\/bewadesch.com\/index.php\/wp-json\/wp\/v2\/posts\/2126","targetHints":{"allow":["GET"]}}],"collection":[{"href":"https:\/\/bewadesch.com\/index.php\/wp-json\/wp\/v2\/posts"}],"about":[{"href":"https:\/\/bewadesch.com\/index.php\/wp-json\/wp\/v2\/types\/post"}],"author":[{"embeddable":true,"href":"https:\/\/bewadesch.com\/index.php\/wp-json\/wp\/v2\/users\/1"}],"replies":[{"embeddable":true,"href":"https:\/\/bewadesch.com\/index.php\/wp-json\/wp\/v2\/comments?post=2126"}],"version-history":[{"count":2,"href":"https:\/\/bewadesch.com\/index.php\/wp-json\/wp\/v2\/posts\/2126\/revisions"}],"predecessor-version":[{"id":2130,"href":"https:\/\/bewadesch.com\/index.php\/wp-json\/wp\/v2\/posts\/2126\/revisions\/2130"}],"wp:featuredmedia":[{"embeddable":true,"href":"https:\/\/bewadesch.com\/index.php\/wp-json\/wp\/v2\/media\/2127"}],"wp:attachment":[{"href":"https:\/\/bewadesch.com\/index.php\/wp-json\/wp\/v2\/media?parent=2126"}],"wp:term":[{"taxonomy":"category","embeddable":true,"href":"https:\/\/bewadesch.com\/index.php\/wp-json\/wp\/v2\/categories?post=2126"},{"taxonomy":"post_tag","embeddable":true,"href":"https:\/\/bewadesch.com\/index.php\/wp-json\/wp\/v2\/tags?post=2126"}],"curies":[{"name":"wp","href":"https:\/\/api.w.org\/{rel}","templated":true}]}}