{"id":2046,"date":"2021-11-27T09:47:12","date_gmt":"2021-11-27T08:47:12","guid":{"rendered":"https:\/\/bewadesch.com\/?p=2046"},"modified":"2022-09-06T18:09:54","modified_gmt":"2022-09-06T16:09:54","slug":"dringender-appell","status":"publish","type":"post","link":"https:\/\/bewadesch.com\/index.php\/2021\/11\/27\/dringender-appell\/","title":{"rendered":"Dringender Appell!!"},"content":{"rendered":"\n<p>Vor ein paar Jahren habe ich meinen Sohn gefragt was eigentlich dieser &#8222;Black Friday&#8220; ist. Heutzutage h\u00f6rt man solche Ausdr\u00fccke st\u00e4ndig in der Werbung. Die Rabattschlachten werden inzwischen auf den ganzen November ausgedehnt und betreffen neuerdings auch Lebensmittel!!! Gestern haben sich die \u00f6sterreichischen Gefl\u00fcgelz\u00fcchter massiv \u00fcber die Preispolitik im Lebensmittelhandel beschwert. Bei Hofer wurde ein Kilogramm Hendl um 1,99 Euro (?!?) angeboten. Das kann kein fairer Preis sein, auch nicht f\u00fcr den Handel! Leider sind sehr viele KonsumentInnen verr\u00fcckt nach Rabatten und dem Zauberwort &#8222;<strong>billig<\/strong>&#8222;. Die Schn\u00e4ppchenjagd macht sie anscheinend zu gl\u00fccklicheren Menschen. Die Gier und der Egoismus sind grenzenlos.<\/p>\n\n\n\n<p>Deshalb mein wiederholter dringender Appell: Verg\u00f6nnen wir allen Mitmenschen auch etwas von unserem &#8222;Reichtum&#8220; und fangen endlich an die eigenen Anspr\u00fcche zu reduzieren! Hinterfragen und \u00dcberdenken der Einkaufsgewohnheiten ist ein Gebot der Stunde. Qualit\u00e4t vor Quantit\u00e4t und Teilen statt wegwerfen kann man wieder erlernen.<\/p>\n\n\n\n<p>Bitte verbreitet meine Gedanken so oft es euch m\u00f6glich ist. Mir &#8222;Recht&#8220; zu geben hilft nicht, es m\u00fcssen immer mehr Taten folgen. Ich glaube daran, dass jeder Einzelne etwas bewirken kann. Vielen Dank f\u00fcr eure Bem\u00fchungen zur Bewahrung unserer Sch\u00f6pfung.<\/p>\n","protected":false},"excerpt":{"rendered":"<p>Vor ein paar Jahren habe ich meinen Sohn gefragt was eigentlich dieser &#8222;Black Friday&#8220; ist. Heutzutage h\u00f6rt man solche Ausdr\u00fccke st\u00e4ndig in der Werbung. Die Rabattschlachten werden inzwischen auf den ganzen November ausgedehnt und betreffen neuerdings auch Lebensmittel!!! Gestern haben sich die \u00f6sterreichischen Gefl\u00fcgelz\u00fcchter massiv \u00fcber die Preispolitik im Lebensmittelhandel [&hellip;]<\/p>\n","protected":false},"author":1,"featured_media":2047,"comment_status":"open","ping_status":"open","sticky":false,"template":"","format":"standard","meta":{"ngg_post_thumbnail":0,"footnotes":""},"categories":[6],"tags":[57,58],"class_list":["post-2046","post","type-post","status-publish","format-standard","has-post-thumbnail","hentry","category-aufrufe","tag-black-friday","tag-fairer-preis"],"aioseo_notices":[],"_links":{"self":[{"href":"https:\/\/bewadesch.com\/index.php\/wp-json\/wp\/v2\/posts\/2046","targetHints":{"allow":["GET"]}}],"collection":[{"href":"https:\/\/bewadesch.com\/index.php\/wp-json\/wp\/v2\/posts"}],"about":[{"href":"https:\/\/bewadesch.com\/index.php\/wp-json\/wp\/v2\/types\/post"}],"author":[{"embeddable":true,"href":"https:\/\/bewadesch.com\/index.php\/wp-json\/wp\/v2\/users\/1"}],"replies":[{"embeddable":true,"href":"https:\/\/bewadesch.com\/index.php\/wp-json\/wp\/v2\/comments?post=2046"}],"version-history":[{"count":1,"href":"https:\/\/bewadesch.com\/index.php\/wp-json\/wp\/v2\/posts\/2046\/revisions"}],"predecessor-version":[{"id":2048,"href":"https:\/\/bewadesch.com\/index.php\/wp-json\/wp\/v2\/posts\/2046\/revisions\/2048"}],"wp:featuredmedia":[{"embeddable":true,"href":"https:\/\/bewadesch.com\/index.php\/wp-json\/wp\/v2\/media\/2047"}],"wp:attachment":[{"href":"https:\/\/bewadesch.com\/index.php\/wp-json\/wp\/v2\/media?parent=2046"}],"wp:term":[{"taxonomy":"category","embeddable":true,"href":"https:\/\/bewadesch.com\/index.php\/wp-json\/wp\/v2\/categories?post=2046"},{"taxonomy":"post_tag","embeddable":true,"href":"https:\/\/bewadesch.com\/index.php\/wp-json\/wp\/v2\/tags?post=2046"}],"curies":[{"name":"wp","href":"https:\/\/api.w.org\/{rel}","templated":true}]}}