{"id":1985,"date":"2021-10-10T16:36:10","date_gmt":"2021-10-10T14:36:10","guid":{"rendered":"https:\/\/bewadesch.com\/?p=1985"},"modified":"2022-09-06T18:33:17","modified_gmt":"2022-09-06T16:33:17","slug":"anstand-und-sitte","status":"publish","type":"post","link":"https:\/\/bewadesch.com\/index.php\/2021\/10\/10\/anstand-und-sitte\/","title":{"rendered":"Anstand und Sitte!?"},"content":{"rendered":"\n<p>Wer braucht einen Bundeskanzler der seinen eigenen Vorg\u00e4nger(Parteichef) in Chats massiv beleidigt? Wer glaubt an Ehrlichkeit in Meinungsumfragen? Wer w\u00fcrde einem Finanzminister der &#8222;keinen&#8220; Laptop besitzt Milliarden an Steuergeldern anvertrauen? Solche Vorkommnisse sind auch durch die t\u00fcrkise Brille gesehen und mit der Unschuldsvermutung nie und nimmer zu tolerieren!!!!! Wen wundert heute die Politikverdrossenheit vieler W\u00e4hler und W\u00e4hlerinnen? Vertrauensw\u00fcrdige VolksvertreterInnen gibt es anscheinend keine mehr!!!! <\/p>\n\n\n\n<p>Die gro\u00dfen Probleme unserer Zeit(Klimawandel, Fl\u00fcchtlinge, Verkehr etc.) werden durch solche politischen Querelen nicht weniger. Machterhalt und Stimmenfang sind den meisten wichtiger, als <strong>gemeinsam<\/strong> an zukunftsf\u00e4higen L\u00f6sungen zu arbeiten!!<\/p>\n\n\n\n<p>Hoffentlich haben wir bis zu den n\u00e4chsten Wahlen so manchen Fehltritt unserer Politiker wieder vergessen. Andernfalls werden die &#8222;Nichtw\u00e4hler&#8220; mit Abstand die gr\u00f6\u00dfte Gruppe sein. Das kann ich auch ohne Meinungsumfrage vorhersehen!!<\/p>\n","protected":false},"excerpt":{"rendered":"<p>Wer braucht einen Bundeskanzler der seinen eigenen Vorg\u00e4nger(Parteichef) in Chats massiv beleidigt? Wer glaubt an Ehrlichkeit in Meinungsumfragen? Wer w\u00fcrde einem Finanzminister der &#8222;keinen&#8220; Laptop besitzt Milliarden an Steuergeldern anvertrauen? Solche Vorkommnisse sind auch durch die t\u00fcrkise Brille gesehen und mit der Unschuldsvermutung nie und nimmer zu tolerieren!!!!! Wen wundert [&hellip;]<\/p>\n","protected":false},"author":1,"featured_media":1986,"comment_status":"open","ping_status":"open","sticky":false,"template":"","format":"standard","meta":{"ngg_post_thumbnail":0,"footnotes":""},"categories":[1],"tags":[73,74],"class_list":["post-1985","post","type-post","status-publish","format-standard","has-post-thumbnail","hentry","category-allgemein","tag-bundeskanzler","tag-klimawandel"],"aioseo_notices":[],"_links":{"self":[{"href":"https:\/\/bewadesch.com\/index.php\/wp-json\/wp\/v2\/posts\/1985","targetHints":{"allow":["GET"]}}],"collection":[{"href":"https:\/\/bewadesch.com\/index.php\/wp-json\/wp\/v2\/posts"}],"about":[{"href":"https:\/\/bewadesch.com\/index.php\/wp-json\/wp\/v2\/types\/post"}],"author":[{"embeddable":true,"href":"https:\/\/bewadesch.com\/index.php\/wp-json\/wp\/v2\/users\/1"}],"replies":[{"embeddable":true,"href":"https:\/\/bewadesch.com\/index.php\/wp-json\/wp\/v2\/comments?post=1985"}],"version-history":[{"count":1,"href":"https:\/\/bewadesch.com\/index.php\/wp-json\/wp\/v2\/posts\/1985\/revisions"}],"predecessor-version":[{"id":1987,"href":"https:\/\/bewadesch.com\/index.php\/wp-json\/wp\/v2\/posts\/1985\/revisions\/1987"}],"wp:featuredmedia":[{"embeddable":true,"href":"https:\/\/bewadesch.com\/index.php\/wp-json\/wp\/v2\/media\/1986"}],"wp:attachment":[{"href":"https:\/\/bewadesch.com\/index.php\/wp-json\/wp\/v2\/media?parent=1985"}],"wp:term":[{"taxonomy":"category","embeddable":true,"href":"https:\/\/bewadesch.com\/index.php\/wp-json\/wp\/v2\/categories?post=1985"},{"taxonomy":"post_tag","embeddable":true,"href":"https:\/\/bewadesch.com\/index.php\/wp-json\/wp\/v2\/tags?post=1985"}],"curies":[{"name":"wp","href":"https:\/\/api.w.org\/{rel}","templated":true}]}}