{"id":1945,"date":"2021-09-11T14:27:44","date_gmt":"2021-09-11T12:27:44","guid":{"rendered":"https:\/\/bewadesch.com\/?p=1945"},"modified":"2022-09-07T18:47:14","modified_gmt":"2022-09-07T16:47:14","slug":"erlaubter-diebstahl","status":"publish","type":"post","link":"https:\/\/bewadesch.com\/index.php\/2021\/09\/11\/erlaubter-diebstahl\/","title":{"rendered":"Erlaubter Diebstahl?"},"content":{"rendered":"\n<p class=\"wp-block-paragraph\">In S\u00fcdtirol gibt es einen Verein mit dem Ziel Grundst\u00fccke zu erwerben und nach einer teuren Revitalisierung wieder der Natur zur\u00fcckzugeben. Da taucht in meinem Kopf die Frage auf: Wer hat diese Grundst\u00fccke der Natur vorher genommen? Meistens wurden diese B\u00f6den durch extreme Bewirtschaftung und Ausbeutung mehr oder weniger vernichtet. D\u00fcrfen wir Menschen aus Profitgier und Egoismus einfach gro\u00dfe Teile unseres Planeten zerst\u00f6ren???<\/p>\n\n\n\n<p class=\"wp-block-paragraph\">Weltweit werden auf Kosten unserer Umwelt sehr hohe Gewinne erzielt. Die &#8222;Reparatur&#8220;, der daraus entstandenen Sch\u00e4den, soll dann die Allgemeinheit bezahlen!! Solange Abholzungen, Brandrodungen und jeglicher Raubbau an der Natur von Regierungen und Institutionen gef\u00f6rdert werden, gibt es keine Ver\u00e4nderungen. <\/p>\n\n\n\n<p class=\"wp-block-paragraph\">Die KonsumentInnen w\u00fcrden unserer Umwelt am meisten durch eine Umstellung ihres Einkaufsverhaltens helfen. Nicht &#8222;Geiz ist geil&#8220;, sondern &#8222;Geben ist seliger als nehmen&#8220;, w\u00e4re die einzig richtige Devise!!!!<\/p>\n\n\n\n<p class=\"wp-block-paragraph\"> <\/p>\n","protected":false},"excerpt":{"rendered":"<p>In S\u00fcdtirol gibt es einen Verein mit dem Ziel Grundst\u00fccke zu erwerben und nach einer teuren Revitalisierung wieder der Natur zur\u00fcckzugeben. Da taucht in meinem Kopf die Frage auf: Wer hat diese Grundst\u00fccke der Natur vorher genommen? Meistens wurden diese B\u00f6den durch extreme Bewirtschaftung und Ausbeutung mehr oder weniger vernichtet. [&hellip;]<\/p>\n","protected":false},"author":1,"featured_media":1946,"comment_status":"open","ping_status":"open","sticky":false,"template":"","format":"standard","meta":{"ngg_post_thumbnail":0,"footnotes":""},"categories":[18],"tags":[86],"class_list":["post-1945","post","type-post","status-publish","format-standard","has-post-thumbnail","hentry","category-land-und-leute","tag-suedtirol"],"aioseo_notices":[],"aioseo_head":"\n\t\t<!-- All in One SEO 5.0.1.1 - aioseo.com -->\n\t<meta name=\"description\" content=\"In S\u00fcdtirol gibt es einen Verein mit dem Ziel Grundst\u00fccke zu erwerben und nach einer teuren Revitalisierung wieder der Natur zur\u00fcckzugeben. Da taucht in meinem Kopf die Frage auf: Wer hat diese Grundst\u00fccke der Natur vorher genommen? Meistens wurden diese B\u00f6den durch extreme Bewirtschaftung und Ausbeutung mehr oder weniger vernichtet. D\u00fcrfen wir Menschen aus Profitgier\" \/>\n\t<meta name=\"robots\" content=\"max-image-preview:large\" \/>\n\t<meta name=\"author\" content=\"Thomas\"\/>\n\t<link rel=\"canonical\" href=\"https:\/\/bewadesch.com\/index.php\/2021\/09\/11\/erlaubter-diebstahl\/\" \/>\n\t<meta name=\"generator\" content=\"All in One SEO (AIOSEO) 5.0.1.1\" \/>\n\t\t<meta property=\"og:locale\" content=\"de_DE\" \/>\n\t\t<meta property=\"og:site_name\" content=\"Bewahrung der Sch\u00f6pfung - Gemeinsam f\u00fcr eine lebenswerte Mutter Erde\" \/>\n\t\t<meta property=\"og:type\" content=\"article\" \/>\n\t\t<meta property=\"og:title\" content=\"Erlaubter Diebstahl? - Bewahrung der Sch\u00f6pfung\" \/>\n\t\t<meta property=\"og:description\" content=\"In S\u00fcdtirol gibt es einen Verein mit dem Ziel Grundst\u00fccke zu erwerben und nach einer teuren Revitalisierung wieder der Natur zur\u00fcckzugeben. Da taucht in meinem Kopf die Frage auf: Wer hat diese Grundst\u00fccke der Natur vorher genommen? Meistens wurden diese B\u00f6den durch extreme Bewirtschaftung und Ausbeutung mehr oder weniger vernichtet. D\u00fcrfen wir Menschen aus Profitgier\" \/>\n\t\t<meta property=\"og:url\" content=\"https:\/\/bewadesch.com\/index.php\/2021\/09\/11\/erlaubter-diebstahl\/\" \/>\n\t\t<meta property=\"article:published_time\" content=\"2021-09-11T12:27:44+00:00\" \/>\n\t\t<meta property=\"article:modified_time\" content=\"2022-09-07T16:47:14+00:00\" \/>\n\t\t<meta name=\"twitter:card\" content=\"summary\" \/>\n\t\t<meta name=\"twitter:title\" content=\"Erlaubter Diebstahl? - Bewahrung der Sch\u00f6pfung\" \/>\n\t\t<meta name=\"twitter:description\" content=\"In S\u00fcdtirol gibt es einen Verein mit dem Ziel Grundst\u00fccke zu erwerben und nach einer teuren Revitalisierung wieder der Natur zur\u00fcckzugeben. Da taucht in meinem Kopf die Frage auf: Wer hat diese Grundst\u00fccke der Natur vorher genommen? Meistens wurden diese B\u00f6den durch extreme Bewirtschaftung und Ausbeutung mehr oder weniger vernichtet. D\u00fcrfen wir Menschen aus Profitgier\" \/>\n\t\t<script type=\"application\/ld+json\" class=\"aioseo-schema\">\n\t\t\t{\"@context\":\"https:\\\/\\\/schema.org\",\"@graph\":[{\"@type\":\"BlogPosting\",\"@id\":\"https:\\\/\\\/bewadesch.com\\\/index.php\\\/2021\\\/09\\\/11\\\/erlaubter-diebstahl\\\/#blogposting\",\"name\":\"Erlaubter Diebstahl? - Bewahrung der Sch\\u00f6pfung\",\"headline\":\"Erlaubter Diebstahl?\",\"author\":{\"@id\":\"https:\\\/\\\/bewadesch.com\\\/index.php\\\/author\\\/plankensteinerthgmail-com\\\/#author\"},\"publisher\":{\"@id\":\"https:\\\/\\\/bewadesch.com\\\/#person\"},\"image\":{\"@type\":\"ImageObject\",\"url\":\"https:\\\/\\\/bewadesch.com\\\/wp-content\\\/uploads\\\/2021\\\/09\\\/lavender-flowers-field-6398415.jpg\",\"width\":1280,\"height\":853,\"caption\":\"lavender, flowers, field-6398415.jpg\"},\"datePublished\":\"2021-09-11T14:27:44+02:00\",\"dateModified\":\"2022-09-07T18:47:14+02:00\",\"inLanguage\":\"de-AT\",\"commentCount\":1,\"mainEntityOfPage\":{\"@id\":\"https:\\\/\\\/bewadesch.com\\\/index.php\\\/2021\\\/09\\\/11\\\/erlaubter-diebstahl\\\/#webpage\"},\"isPartOf\":{\"@id\":\"https:\\\/\\\/bewadesch.com\\\/index.php\\\/2021\\\/09\\\/11\\\/erlaubter-diebstahl\\\/#webpage\"},\"articleSection\":\"Land und Leute, S\\u00fcdtirol\"},{\"@type\":\"BreadcrumbList\",\"@id\":\"https:\\\/\\\/bewadesch.com\\\/index.php\\\/2021\\\/09\\\/11\\\/erlaubter-diebstahl\\\/#breadcrumblist\",\"itemListElement\":[{\"@type\":\"ListItem\",\"@id\":\"https:\\\/\\\/bewadesch.com#listItem\",\"position\":1,\"name\":\"Home\",\"item\":\"https:\\\/\\\/bewadesch.com\",\"nextItem\":{\"@type\":\"ListItem\",\"@id\":\"https:\\\/\\\/bewadesch.com\\\/index.php\\\/category\\\/land-und-leute\\\/#listItem\",\"name\":\"Land und Leute\"}},{\"@type\":\"ListItem\",\"@id\":\"https:\\\/\\\/bewadesch.com\\\/index.php\\\/category\\\/land-und-leute\\\/#listItem\",\"position\":2,\"name\":\"Land und Leute\",\"item\":\"https:\\\/\\\/bewadesch.com\\\/index.php\\\/category\\\/land-und-leute\\\/\",\"nextItem\":{\"@type\":\"ListItem\",\"@id\":\"https:\\\/\\\/bewadesch.com\\\/index.php\\\/2021\\\/09\\\/11\\\/erlaubter-diebstahl\\\/#listItem\",\"name\":\"Erlaubter Diebstahl?\"},\"previousItem\":{\"@type\":\"ListItem\",\"@id\":\"https:\\\/\\\/bewadesch.com#listItem\",\"name\":\"Home\"}},{\"@type\":\"ListItem\",\"@id\":\"https:\\\/\\\/bewadesch.com\\\/index.php\\\/2021\\\/09\\\/11\\\/erlaubter-diebstahl\\\/#listItem\",\"position\":3,\"name\":\"Erlaubter Diebstahl?\",\"previousItem\":{\"@type\":\"ListItem\",\"@id\":\"https:\\\/\\\/bewadesch.com\\\/index.php\\\/category\\\/land-und-leute\\\/#listItem\",\"name\":\"Land und Leute\"}}]},{\"@type\":\"Person\",\"@id\":\"https:\\\/\\\/bewadesch.com\\\/#person\",\"name\":\"Thomas\",\"image\":{\"@type\":\"ImageObject\",\"@id\":\"https:\\\/\\\/bewadesch.com\\\/index.php\\\/2021\\\/09\\\/11\\\/erlaubter-diebstahl\\\/#personImage\",\"url\":\"https:\\\/\\\/secure.gravatar.com\\\/avatar\\\/85f6fe65c28c15be609085ebb3930844f7971f74f4b2cfb2ea8eaa7cc56707dd?s=96&d=mm&r=g\",\"width\":96,\"height\":96,\"caption\":\"Thomas\"}},{\"@type\":\"Person\",\"@id\":\"https:\\\/\\\/bewadesch.com\\\/index.php\\\/author\\\/plankensteinerthgmail-com\\\/#author\",\"url\":\"https:\\\/\\\/bewadesch.com\\\/index.php\\\/author\\\/plankensteinerthgmail-com\\\/\",\"name\":\"Thomas\",\"image\":{\"@type\":\"ImageObject\",\"@id\":\"https:\\\/\\\/bewadesch.com\\\/index.php\\\/2021\\\/09\\\/11\\\/erlaubter-diebstahl\\\/#authorImage\",\"url\":\"https:\\\/\\\/secure.gravatar.com\\\/avatar\\\/85f6fe65c28c15be609085ebb3930844f7971f74f4b2cfb2ea8eaa7cc56707dd?s=96&d=mm&r=g\",\"width\":96,\"height\":96,\"caption\":\"Thomas\"}},{\"@type\":\"WebPage\",\"@id\":\"https:\\\/\\\/bewadesch.com\\\/index.php\\\/2021\\\/09\\\/11\\\/erlaubter-diebstahl\\\/#webpage\",\"url\":\"https:\\\/\\\/bewadesch.com\\\/index.php\\\/2021\\\/09\\\/11\\\/erlaubter-diebstahl\\\/\",\"name\":\"Erlaubter Diebstahl? - Bewahrung der Sch\\u00f6pfung\",\"description\":\"In S\\u00fcdtirol gibt es einen Verein mit dem Ziel Grundst\\u00fccke zu erwerben und nach einer teuren Revitalisierung wieder der Natur zur\\u00fcckzugeben. Da taucht in meinem Kopf die Frage auf: Wer hat diese Grundst\\u00fccke der Natur vorher genommen? Meistens wurden diese B\\u00f6den durch extreme Bewirtschaftung und Ausbeutung mehr oder weniger vernichtet. D\\u00fcrfen wir Menschen aus Profitgier\",\"inLanguage\":\"de-AT\",\"isPartOf\":{\"@id\":\"https:\\\/\\\/bewadesch.com\\\/#website\"},\"breadcrumb\":{\"@id\":\"https:\\\/\\\/bewadesch.com\\\/index.php\\\/2021\\\/09\\\/11\\\/erlaubter-diebstahl\\\/#breadcrumblist\"},\"author\":{\"@id\":\"https:\\\/\\\/bewadesch.com\\\/index.php\\\/author\\\/plankensteinerthgmail-com\\\/#author\"},\"creator\":{\"@id\":\"https:\\\/\\\/bewadesch.com\\\/index.php\\\/author\\\/plankensteinerthgmail-com\\\/#author\"},\"image\":{\"@type\":\"ImageObject\",\"url\":\"https:\\\/\\\/bewadesch.com\\\/wp-content\\\/uploads\\\/2021\\\/09\\\/lavender-flowers-field-6398415.jpg\",\"@id\":\"https:\\\/\\\/bewadesch.com\\\/index.php\\\/2021\\\/09\\\/11\\\/erlaubter-diebstahl\\\/#mainImage\",\"width\":1280,\"height\":853,\"caption\":\"lavender, flowers, field-6398415.jpg\"},\"primaryImageOfPage\":{\"@id\":\"https:\\\/\\\/bewadesch.com\\\/index.php\\\/2021\\\/09\\\/11\\\/erlaubter-diebstahl\\\/#mainImage\"},\"datePublished\":\"2021-09-11T14:27:44+02:00\",\"dateModified\":\"2022-09-07T18:47:14+02:00\"},{\"@type\":\"WebSite\",\"@id\":\"https:\\\/\\\/bewadesch.com\\\/#website\",\"url\":\"https:\\\/\\\/bewadesch.com\\\/\",\"name\":\"Bewahrung der Sch\\u00f6pfung\",\"description\":\"Gemeinsam f\\u00fcr eine lebenswerte Mutter Erde\",\"inLanguage\":\"de-AT\",\"publisher\":{\"@id\":\"https:\\\/\\\/bewadesch.com\\\/#person\"}}]}\n\t\t<\/script>\n\t\t<!-- All in One SEO -->\n\n","aioseo_head_json":{"title":"Erlaubter Diebstahl? - Bewahrung der Sch\u00f6pfung","description":"In S\u00fcdtirol gibt es einen Verein mit dem Ziel Grundst\u00fccke zu erwerben und nach einer teuren Revitalisierung wieder der Natur zur\u00fcckzugeben. Da taucht in meinem Kopf die Frage auf: Wer hat diese Grundst\u00fccke der Natur vorher genommen? Meistens wurden diese B\u00f6den durch extreme Bewirtschaftung und Ausbeutung mehr oder weniger vernichtet. D\u00fcrfen wir Menschen aus Profitgier","canonical_url":"https:\/\/bewadesch.com\/index.php\/2021\/09\/11\/erlaubter-diebstahl\/","robots":"max-image-preview:large","keywords":"","webmasterTools":{"miscellaneous":""},"schema":{"@context":"https:\/\/schema.org","@graph":[{"@type":"BlogPosting","@id":"https:\/\/bewadesch.com\/index.php\/2021\/09\/11\/erlaubter-diebstahl\/#blogposting","name":"Erlaubter Diebstahl? - Bewahrung der Sch\u00f6pfung","headline":"Erlaubter Diebstahl?","author":{"@id":"https:\/\/bewadesch.com\/index.php\/author\/plankensteinerthgmail-com\/#author"},"publisher":{"@id":"https:\/\/bewadesch.com\/#person"},"image":{"@type":"ImageObject","url":"https:\/\/bewadesch.com\/wp-content\/uploads\/2021\/09\/lavender-flowers-field-6398415.jpg","width":1280,"height":853,"caption":"lavender, flowers, field-6398415.jpg"},"datePublished":"2021-09-11T14:27:44+02:00","dateModified":"2022-09-07T18:47:14+02:00","inLanguage":"de-AT","commentCount":1,"mainEntityOfPage":{"@id":"https:\/\/bewadesch.com\/index.php\/2021\/09\/11\/erlaubter-diebstahl\/#webpage"},"isPartOf":{"@id":"https:\/\/bewadesch.com\/index.php\/2021\/09\/11\/erlaubter-diebstahl\/#webpage"},"articleSection":"Land und Leute, S\u00fcdtirol"},{"@type":"BreadcrumbList","@id":"https:\/\/bewadesch.com\/index.php\/2021\/09\/11\/erlaubter-diebstahl\/#breadcrumblist","itemListElement":[{"@type":"ListItem","@id":"https:\/\/bewadesch.com#listItem","position":1,"name":"Home","item":"https:\/\/bewadesch.com","nextItem":{"@type":"ListItem","@id":"https:\/\/bewadesch.com\/index.php\/category\/land-und-leute\/#listItem","name":"Land und Leute"}},{"@type":"ListItem","@id":"https:\/\/bewadesch.com\/index.php\/category\/land-und-leute\/#listItem","position":2,"name":"Land und Leute","item":"https:\/\/bewadesch.com\/index.php\/category\/land-und-leute\/","nextItem":{"@type":"ListItem","@id":"https:\/\/bewadesch.com\/index.php\/2021\/09\/11\/erlaubter-diebstahl\/#listItem","name":"Erlaubter Diebstahl?"},"previousItem":{"@type":"ListItem","@id":"https:\/\/bewadesch.com#listItem","name":"Home"}},{"@type":"ListItem","@id":"https:\/\/bewadesch.com\/index.php\/2021\/09\/11\/erlaubter-diebstahl\/#listItem","position":3,"name":"Erlaubter Diebstahl?","previousItem":{"@type":"ListItem","@id":"https:\/\/bewadesch.com\/index.php\/category\/land-und-leute\/#listItem","name":"Land und Leute"}}]},{"@type":"Person","@id":"https:\/\/bewadesch.com\/#person","name":"Thomas","image":{"@type":"ImageObject","@id":"https:\/\/bewadesch.com\/index.php\/2021\/09\/11\/erlaubter-diebstahl\/#personImage","url":"https:\/\/secure.gravatar.com\/avatar\/85f6fe65c28c15be609085ebb3930844f7971f74f4b2cfb2ea8eaa7cc56707dd?s=96&d=mm&r=g","width":96,"height":96,"caption":"Thomas"}},{"@type":"Person","@id":"https:\/\/bewadesch.com\/index.php\/author\/plankensteinerthgmail-com\/#author","url":"https:\/\/bewadesch.com\/index.php\/author\/plankensteinerthgmail-com\/","name":"Thomas","image":{"@type":"ImageObject","@id":"https:\/\/bewadesch.com\/index.php\/2021\/09\/11\/erlaubter-diebstahl\/#authorImage","url":"https:\/\/secure.gravatar.com\/avatar\/85f6fe65c28c15be609085ebb3930844f7971f74f4b2cfb2ea8eaa7cc56707dd?s=96&d=mm&r=g","width":96,"height":96,"caption":"Thomas"}},{"@type":"WebPage","@id":"https:\/\/bewadesch.com\/index.php\/2021\/09\/11\/erlaubter-diebstahl\/#webpage","url":"https:\/\/bewadesch.com\/index.php\/2021\/09\/11\/erlaubter-diebstahl\/","name":"Erlaubter Diebstahl? - Bewahrung der Sch\u00f6pfung","description":"In S\u00fcdtirol gibt es einen Verein mit dem Ziel Grundst\u00fccke zu erwerben und nach einer teuren Revitalisierung wieder der Natur zur\u00fcckzugeben. Da taucht in meinem Kopf die Frage auf: Wer hat diese Grundst\u00fccke der Natur vorher genommen? Meistens wurden diese B\u00f6den durch extreme Bewirtschaftung und Ausbeutung mehr oder weniger vernichtet. D\u00fcrfen wir Menschen aus Profitgier","inLanguage":"de-AT","isPartOf":{"@id":"https:\/\/bewadesch.com\/#website"},"breadcrumb":{"@id":"https:\/\/bewadesch.com\/index.php\/2021\/09\/11\/erlaubter-diebstahl\/#breadcrumblist"},"author":{"@id":"https:\/\/bewadesch.com\/index.php\/author\/plankensteinerthgmail-com\/#author"},"creator":{"@id":"https:\/\/bewadesch.com\/index.php\/author\/plankensteinerthgmail-com\/#author"},"image":{"@type":"ImageObject","url":"https:\/\/bewadesch.com\/wp-content\/uploads\/2021\/09\/lavender-flowers-field-6398415.jpg","@id":"https:\/\/bewadesch.com\/index.php\/2021\/09\/11\/erlaubter-diebstahl\/#mainImage","width":1280,"height":853,"caption":"lavender, flowers, field-6398415.jpg"},"primaryImageOfPage":{"@id":"https:\/\/bewadesch.com\/index.php\/2021\/09\/11\/erlaubter-diebstahl\/#mainImage"},"datePublished":"2021-09-11T14:27:44+02:00","dateModified":"2022-09-07T18:47:14+02:00"},{"@type":"WebSite","@id":"https:\/\/bewadesch.com\/#website","url":"https:\/\/bewadesch.com\/","name":"Bewahrung der Sch\u00f6pfung","description":"Gemeinsam f\u00fcr eine lebenswerte Mutter Erde","inLanguage":"de-AT","publisher":{"@id":"https:\/\/bewadesch.com\/#person"}}]},"og:locale":"de_DE","og:site_name":"Bewahrung der Sch\u00f6pfung - Gemeinsam f\u00fcr eine lebenswerte Mutter Erde","og:type":"article","og:title":"Erlaubter Diebstahl? - Bewahrung der Sch\u00f6pfung","og:description":"In S\u00fcdtirol gibt es einen Verein mit dem Ziel Grundst\u00fccke zu erwerben und nach einer teuren Revitalisierung wieder der Natur zur\u00fcckzugeben. Da taucht in meinem Kopf die Frage auf: Wer hat diese Grundst\u00fccke der Natur vorher genommen? Meistens wurden diese B\u00f6den durch extreme Bewirtschaftung und Ausbeutung mehr oder weniger vernichtet. D\u00fcrfen wir Menschen aus Profitgier","og:url":"https:\/\/bewadesch.com\/index.php\/2021\/09\/11\/erlaubter-diebstahl\/","article:published_time":"2021-09-11T12:27:44+00:00","article:modified_time":"2022-09-07T16:47:14+00:00","twitter:card":"summary","twitter:title":"Erlaubter Diebstahl? - Bewahrung der Sch\u00f6pfung","twitter:description":"In S\u00fcdtirol gibt es einen Verein mit dem Ziel Grundst\u00fccke zu erwerben und nach einer teuren Revitalisierung wieder der Natur zur\u00fcckzugeben. Da taucht in meinem Kopf die Frage auf: Wer hat diese Grundst\u00fccke der Natur vorher genommen? Meistens wurden diese B\u00f6den durch extreme Bewirtschaftung und Ausbeutung mehr oder weniger vernichtet. D\u00fcrfen wir Menschen aus Profitgier"},"aioseo_meta_data":{"post_id":"1945","title":null,"description":null,"keywords":[],"keyphrases":{"focus":{"keyphrase":"","score":0,"analysis":{"keyphraseInTitle":{"score":0,"maxScore":9,"error":1}}},"additional":[]},"primary_term":null,"canonical_url":null,"og_title":null,"og_description":null,"og_object_type":"default","og_image_type":"default","og_image_url":null,"og_image_width":null,"og_image_height":null,"og_image_custom_url":null,"og_image_custom_fields":null,"og_video":"","og_custom_url":null,"og_article_section":null,"og_article_tags":[],"twitter_use_og":false,"twitter_card":"default","twitter_image_type":"default","twitter_image_url":null,"twitter_image_custom_url":null,"twitter_image_custom_fields":null,"twitter_title":null,"twitter_description":null,"schema":{"blockGraphs":[],"customGraphs":[],"default":{"data":{"Article":[],"Course":[],"Dataset":[],"FAQPage":[],"Movie":[],"Person":[],"Product":[],"ProductReview":[],"Car":[],"Recipe":[],"Service":[],"SoftwareApplication":[],"WebPage":[]},"graphName":"","isEnabled":true},"graphs":[],"defaultGraph":"Article","defaultPostTypeGraph":""},"schema_type":"default","schema_type_options":"{\"article\":{\"articleType\":\"BlogPosting\"},\"course\":{\"name\":\"\",\"description\":\"\",\"provider\":\"\"},\"faq\":{\"pages\":[]},\"product\":{\"reviews\":[]},\"recipe\":{\"ingredients\":[],\"instructions\":[],\"keywords\":[]},\"software\":{\"reviews\":[],\"operatingSystems\":[]},\"webPage\":{\"webPageType\":\"WebPage\"},\"blockGraphs\":[]}","pillar_content":false,"robots_default":true,"robots_noindex":false,"robots_noarchive":false,"robots_nosnippet":false,"robots_nofollow":false,"robots_noimageindex":false,"robots_noodp":false,"robots_notranslate":false,"robots_max_snippet":"-1","robots_max_videopreview":"-1","robots_max_imagepreview":"large","priority":null,"frequency":"default","local_seo":null,"breadcrumb_settings":null,"limit_modified_date":false,"ai":null,"created":"2021-09-11 12:27:45","updated":"2025-06-04 18:52:28","seo_analyzer_scan_date":null,"focus_keyword":null,"additional_keywords":null,"truseo_locale":null},"aioseo_breadcrumb":"<div class=\"aioseo-breadcrumbs\"><span class=\"aioseo-breadcrumb\">\n\t\t\t<a href=\"https:\/\/bewadesch.com\" title=\"Home\">Home<\/a>\n\t\t<\/span><span class=\"aioseo-breadcrumb-separator\">&raquo;<\/span><span class=\"aioseo-breadcrumb\">\n\t\t\t<a href=\"https:\/\/bewadesch.com\/index.php\/category\/land-und-leute\/\" title=\"Land und Leute\">Land und Leute<\/a>\n\t\t<\/span><span class=\"aioseo-breadcrumb-separator\">&raquo;<\/span><span class=\"aioseo-breadcrumb\">\n\t\t\tErlaubter Diebstahl?\n\t\t<\/span><\/div>","aioseo_breadcrumb_json":[{"label":"Home","link":"https:\/\/bewadesch.com"},{"label":"Land und Leute","link":"https:\/\/bewadesch.com\/index.php\/category\/land-und-leute\/"},{"label":"Erlaubter Diebstahl?","link":"https:\/\/bewadesch.com\/index.php\/2021\/09\/11\/erlaubter-diebstahl\/"}],"_links":{"self":[{"href":"https:\/\/bewadesch.com\/index.php\/wp-json\/wp\/v2\/posts\/1945","targetHints":{"allow":["GET"]}}],"collection":[{"href":"https:\/\/bewadesch.com\/index.php\/wp-json\/wp\/v2\/posts"}],"about":[{"href":"https:\/\/bewadesch.com\/index.php\/wp-json\/wp\/v2\/types\/post"}],"author":[{"embeddable":true,"href":"https:\/\/bewadesch.com\/index.php\/wp-json\/wp\/v2\/users\/1"}],"replies":[{"embeddable":true,"href":"https:\/\/bewadesch.com\/index.php\/wp-json\/wp\/v2\/comments?post=1945"}],"version-history":[{"count":1,"href":"https:\/\/bewadesch.com\/index.php\/wp-json\/wp\/v2\/posts\/1945\/revisions"}],"predecessor-version":[{"id":1947,"href":"https:\/\/bewadesch.com\/index.php\/wp-json\/wp\/v2\/posts\/1945\/revisions\/1947"}],"wp:featuredmedia":[{"embeddable":true,"href":"https:\/\/bewadesch.com\/index.php\/wp-json\/wp\/v2\/media\/1946"}],"wp:attachment":[{"href":"https:\/\/bewadesch.com\/index.php\/wp-json\/wp\/v2\/media?parent=1945"}],"wp:term":[{"taxonomy":"category","embeddable":true,"href":"https:\/\/bewadesch.com\/index.php\/wp-json\/wp\/v2\/categories?post=1945"},{"taxonomy":"post_tag","embeddable":true,"href":"https:\/\/bewadesch.com\/index.php\/wp-json\/wp\/v2\/tags?post=1945"}],"curies":[{"name":"wp","href":"https:\/\/api.w.org\/{rel}","templated":true}]}}