{"id":1790,"date":"2021-07-11T11:38:19","date_gmt":"2021-07-11T09:38:19","guid":{"rendered":"https:\/\/bewadesch.com\/?p=1790"},"modified":"2022-09-07T19:31:33","modified_gmt":"2022-09-07T17:31:33","slug":"kein-interesse","status":"publish","type":"post","link":"https:\/\/bewadesch.com\/index.php\/2021\/07\/11\/kein-interesse\/","title":{"rendered":"Kein Interesse?"},"content":{"rendered":"\n<p> Oft h\u00f6ren wir von Mitmenschen diese Worte: Das interessiert mich nicht!!! Leider trifft dieser Satz auch auf die Bewahrung unserer Sch\u00f6pfung zu. Wir besch\u00e4ftigen uns mit &#8222;wichtigeren&#8220; Dingen und glauben, das sich andere Erdenbewohner um solche &#8222;belanglose&#8220; Themen k\u00fcmmern. Wohin f\u00fchren uns Gleichg\u00fcltigkeit und Desinteresse? K\u00f6nnen wir einfach immer gleich weiter machen, oder werden sich unsere Priorit\u00e4ten \u00e4ndern m\u00fcssen? <\/p>\n\n\n\n<p>Die Anspr\u00fcche mancher Menschen werden immer bedenklicher. Der Amazon Gr\u00fcnder Jeff Bezos \u00fcberlegt gerade seine \u00fcbersch\u00fcssigen Dollars f\u00fcr einen Weltraumbesuch aus zu geben. Im Gegensatz dazu gibt es auf unserer Erde sicher Millionen von Menschen, die sich keinen Urlaub &#8222;leisten&#8220; k\u00f6nnen. W\u00e4hrend einige Superreiche nicht mehr wissen was sie noch kaufen k\u00f6nnten, verhungern t\u00e4glich tausende Menschen! Ist uns das egal? Wir ALLE tragen f\u00fcr solche Missst\u00e4nde die Verantwortung!!!! Vom eigenen \u00dcberfluss nichts abgeben zu wollen macht uns mitschuldig!! <\/p>\n\n\n\n<p>Ver\u00e4nderungen beginnen mit dem Erkennen eines Problems. Vielleicht interessieren sich immer mehr Menschen f\u00fcr diese Belange. Mich freut jede(r) EINZELNE!!!!!!<\/p>\n","protected":false},"excerpt":{"rendered":"<p>Oft h\u00f6ren wir von Mitmenschen diese Worte: Das interessiert mich nicht!!! Leider trifft dieser Satz auch auf die Bewahrung unserer Sch\u00f6pfung zu. Wir besch\u00e4ftigen uns mit &#8222;wichtigeren&#8220; Dingen und glauben, das sich andere Erdenbewohner um solche &#8222;belanglose&#8220; Themen k\u00fcmmern. Wohin f\u00fchren uns Gleichg\u00fcltigkeit und Desinteresse? K\u00f6nnen wir einfach immer gleich [&hellip;]<\/p>\n","protected":false},"author":1,"featured_media":1791,"comment_status":"open","ping_status":"open","sticky":false,"template":"","format":"standard","meta":{"ngg_post_thumbnail":0,"footnotes":""},"categories":[6,11],"tags":[118,119],"class_list":["post-1790","post","type-post","status-publish","format-standard","has-post-thumbnail","hentry","category-aufrufe","category-tourismus","tag-amazon","tag-desinteresse"],"aioseo_notices":[],"_links":{"self":[{"href":"https:\/\/bewadesch.com\/index.php\/wp-json\/wp\/v2\/posts\/1790","targetHints":{"allow":["GET"]}}],"collection":[{"href":"https:\/\/bewadesch.com\/index.php\/wp-json\/wp\/v2\/posts"}],"about":[{"href":"https:\/\/bewadesch.com\/index.php\/wp-json\/wp\/v2\/types\/post"}],"author":[{"embeddable":true,"href":"https:\/\/bewadesch.com\/index.php\/wp-json\/wp\/v2\/users\/1"}],"replies":[{"embeddable":true,"href":"https:\/\/bewadesch.com\/index.php\/wp-json\/wp\/v2\/comments?post=1790"}],"version-history":[{"count":1,"href":"https:\/\/bewadesch.com\/index.php\/wp-json\/wp\/v2\/posts\/1790\/revisions"}],"predecessor-version":[{"id":1792,"href":"https:\/\/bewadesch.com\/index.php\/wp-json\/wp\/v2\/posts\/1790\/revisions\/1792"}],"wp:featuredmedia":[{"embeddable":true,"href":"https:\/\/bewadesch.com\/index.php\/wp-json\/wp\/v2\/media\/1791"}],"wp:attachment":[{"href":"https:\/\/bewadesch.com\/index.php\/wp-json\/wp\/v2\/media?parent=1790"}],"wp:term":[{"taxonomy":"category","embeddable":true,"href":"https:\/\/bewadesch.com\/index.php\/wp-json\/wp\/v2\/categories?post=1790"},{"taxonomy":"post_tag","embeddable":true,"href":"https:\/\/bewadesch.com\/index.php\/wp-json\/wp\/v2\/tags?post=1790"}],"curies":[{"name":"wp","href":"https:\/\/api.w.org\/{rel}","templated":true}]}}