{"id":1782,"date":"2021-07-07T17:34:29","date_gmt":"2021-07-07T15:34:29","guid":{"rendered":"https:\/\/bewadesch.com\/?p=1782"},"modified":"2022-09-07T19:33:53","modified_gmt":"2022-09-07T17:33:53","slug":"zukunftsaussichten","status":"publish","type":"post","link":"https:\/\/bewadesch.com\/index.php\/2021\/07\/07\/zukunftsaussichten\/","title":{"rendered":"Zukunftsaussichten!"},"content":{"rendered":"\n<p>Oft h\u00f6rt man Menschen davon sprechen: Unsere Kinder sollen es einmal besser haben! Hat die heutige Elterngeneration so schlechte Zeiten hinter sich? Was soll in Zukunft besser sein?<\/p>\n\n\n\n<p>Ich habe heute einen Beitrag im Bezirksblatt gelesen, in dem es um die Sorgen und Probleme der 14- bis 16 j\u00e4hrigen geht. Die gr\u00f6\u00dften \u00c4ngste gibt es bei Jugendlichen, laut einer Umfrage, in Bezug auf Umwelt und Klima!!!!! Auch das mangelnde Interesse an der t\u00e4glichen Politik wird in diesem Artikel erw\u00e4hnt. Meiner Meinung nach ist beides nicht verwunderlich. Wenn wir Erwachsenen nicht mehr wissen wem wir vertrauen d\u00fcrfen, wie sollen es die &#8222;Jungen&#8220; k\u00f6nnen. In der momentanen politischen Situation gibt es fast nur mehr abschreckende Beispiele und negative Vorbilder. Ich suche auch in Sachen Klima- und Umweltschutz vergebens nach ernst gemeinten Ans\u00e4tzen und Ideen f\u00fcr eine &#8222;bessere&#8220; Zukunft. Geredet und versprochen wird sehr viel. Die tats\u00e4chlichen \u00c4nderungen finden aber meistens nicht statt!!! Viele Menschen sind sich ihrer Verantwortung f\u00fcr die n\u00e4chsten Generationen nicht bewusst. Jede(r) EINZELLNE von uns verbraucht ZU VIEL! (Energie, Nahrung, Wohnfl\u00e4che etc..) Unsere Kinder werden wahrscheinlich auf Einiges verzichten m\u00fcssen, oder sie k\u00f6nnen sich so Manches nicht mehr &#8222;leisten&#8220;!! Verstehen wir das unter &#8222;einmal besser haben&#8220;??<\/p>\n\n\n\n<p>Unsere Zukunft darf nicht am Egoismus und an der Habgier von ein paar M\u00e4chtigen h\u00e4ngen. Bitte denkt wenigstens dar\u00fcber nach. Ich gebe die Hoffnung auf positive Ver\u00e4nderungen nicht auf!!!<\/p>\n","protected":false},"excerpt":{"rendered":"<p>Oft h\u00f6rt man Menschen davon sprechen: Unsere Kinder sollen es einmal besser haben! Hat die heutige Elterngeneration so schlechte Zeiten hinter sich? Was soll in Zukunft besser sein? Ich habe heute einen Beitrag im Bezirksblatt gelesen, in dem es um die Sorgen und Probleme der 14- bis 16 j\u00e4hrigen geht. [&hellip;]<\/p>\n","protected":false},"author":1,"featured_media":1783,"comment_status":"open","ping_status":"open","sticky":false,"template":"","format":"standard","meta":{"ngg_post_thumbnail":0,"footnotes":""},"categories":[1,18],"tags":[121,122],"class_list":["post-1782","post","type-post","status-publish","format-standard","has-post-thumbnail","hentry","category-allgemein","category-land-und-leute","tag-habgier","tag-politik"],"aioseo_notices":[],"_links":{"self":[{"href":"https:\/\/bewadesch.com\/index.php\/wp-json\/wp\/v2\/posts\/1782","targetHints":{"allow":["GET"]}}],"collection":[{"href":"https:\/\/bewadesch.com\/index.php\/wp-json\/wp\/v2\/posts"}],"about":[{"href":"https:\/\/bewadesch.com\/index.php\/wp-json\/wp\/v2\/types\/post"}],"author":[{"embeddable":true,"href":"https:\/\/bewadesch.com\/index.php\/wp-json\/wp\/v2\/users\/1"}],"replies":[{"embeddable":true,"href":"https:\/\/bewadesch.com\/index.php\/wp-json\/wp\/v2\/comments?post=1782"}],"version-history":[{"count":1,"href":"https:\/\/bewadesch.com\/index.php\/wp-json\/wp\/v2\/posts\/1782\/revisions"}],"predecessor-version":[{"id":1784,"href":"https:\/\/bewadesch.com\/index.php\/wp-json\/wp\/v2\/posts\/1782\/revisions\/1784"}],"wp:featuredmedia":[{"embeddable":true,"href":"https:\/\/bewadesch.com\/index.php\/wp-json\/wp\/v2\/media\/1783"}],"wp:attachment":[{"href":"https:\/\/bewadesch.com\/index.php\/wp-json\/wp\/v2\/media?parent=1782"}],"wp:term":[{"taxonomy":"category","embeddable":true,"href":"https:\/\/bewadesch.com\/index.php\/wp-json\/wp\/v2\/categories?post=1782"},{"taxonomy":"post_tag","embeddable":true,"href":"https:\/\/bewadesch.com\/index.php\/wp-json\/wp\/v2\/tags?post=1782"}],"curies":[{"name":"wp","href":"https:\/\/api.w.org\/{rel}","templated":true}]}}