{"id":1747,"date":"2021-06-10T15:31:04","date_gmt":"2021-06-10T15:31:04","guid":{"rendered":"https:\/\/bewadesch.com\/?p=1747"},"modified":"2022-09-08T08:09:16","modified_gmt":"2022-09-08T06:09:16","slug":"weniger-ist-mehr","status":"publish","type":"post","link":"https:\/\/bewadesch.com\/index.php\/2021\/06\/10\/weniger-ist-mehr\/","title":{"rendered":"Weniger ist mehr !!"},"content":{"rendered":"\n<p>Gestern hat der Tiroler Landeshauptmann Platter in einem Interview die neue Devise f\u00fcr den Tourismus ausgegeben: &#8222;Besser statt mehr&#8220;. Eine Bettenobergrenze soll bei 330 000 eingezogen werden. Weniger Quantit\u00e4t, daf\u00fcr mehr Qualit\u00e4t lautet die Vorgabe f\u00fcr die Zukunft. <\/p>\n\n\n\n<p>Geredet wird vom &#8222;sanften Qualit\u00e4tstourismus&#8220; freilich schon seit 30 Jahren. Gehandelt wurde aber immer nach dem obersten Gebot &#8222;Wachsen oder weichen&#8220;, ohne R\u00fccksicht auf Menschen und Umwelt. Ich h\u00e4tte ein paar Anregungen f\u00fcr die Zukunft: Weniger Wirtschaftlichkeit, daf\u00fcr mehr Menschlichkeit; Weniger versprechen, daf\u00fcr mehr umsetzen; Weniger Bereicherung auf Kosten Anderer, daf\u00fcr ein gutes Miteinander; Weniger Besitz, daf\u00fcr mehr Lebensqualit\u00e4t;<\/p>\n\n\n\n<p>Diese Liste k\u00f6nnte ich fast endlos weiterf\u00fchren.<\/p>\n\n\n\n<p> Ein Schritt zur\u00fcck ist f\u00fcr viele Menschen undenkbar! Die meisten glauben immer noch das ewige &#8222;Mehr&#8220; ist alternativlos und lebensnotwendig. Kann unsere Wirtschaft auch anders funktionieren? Ich denke, das die Belastungsgrenzen f\u00fcr Menschen und Umwelt schon lange erreicht sind und oftmals \u00fcberschritten wurden! Sich mit weniger zufrieden geben ist vielleicht ein gutes Zukunftsmotto. Die ewige Jagd nach dem gro\u00dfen Geld ruiniert unsere Gesundheit und die Natur! Weniger Egoismus, Habgier und R\u00fccksichtslosigkeit, daf\u00fcr mehr Zusammenhalt, Menschlichkeit und gegenseitiges Vertrauen w\u00e4re meine Hoffnung f\u00fcr die kommenden Jahre. Bitte helft ALLE mit!!! <\/p>\n","protected":false},"excerpt":{"rendered":"<p>Gestern hat der Tiroler Landeshauptmann Platter in einem Interview die neue Devise f\u00fcr den Tourismus ausgegeben: &#8222;Besser statt mehr&#8220;. Eine Bettenobergrenze soll bei 330 000 eingezogen werden. Weniger Quantit\u00e4t, daf\u00fcr mehr Qualit\u00e4t lautet die Vorgabe f\u00fcr die Zukunft. Geredet wird vom &#8222;sanften Qualit\u00e4tstourismus&#8220; freilich schon seit 30 Jahren. Gehandelt wurde [&hellip;]<\/p>\n","protected":false},"author":1,"featured_media":1748,"comment_status":"open","ping_status":"open","sticky":false,"template":"","format":"standard","meta":{"ngg_post_thumbnail":0,"footnotes":""},"categories":[11],"tags":[134,133],"class_list":["post-1747","post","type-post","status-publish","format-standard","has-post-thumbnail","hentry","category-tourismus","tag-belastungsgrenzen","tag-landeshauptmann"],"aioseo_notices":[],"_links":{"self":[{"href":"https:\/\/bewadesch.com\/index.php\/wp-json\/wp\/v2\/posts\/1747","targetHints":{"allow":["GET"]}}],"collection":[{"href":"https:\/\/bewadesch.com\/index.php\/wp-json\/wp\/v2\/posts"}],"about":[{"href":"https:\/\/bewadesch.com\/index.php\/wp-json\/wp\/v2\/types\/post"}],"author":[{"embeddable":true,"href":"https:\/\/bewadesch.com\/index.php\/wp-json\/wp\/v2\/users\/1"}],"replies":[{"embeddable":true,"href":"https:\/\/bewadesch.com\/index.php\/wp-json\/wp\/v2\/comments?post=1747"}],"version-history":[{"count":1,"href":"https:\/\/bewadesch.com\/index.php\/wp-json\/wp\/v2\/posts\/1747\/revisions"}],"predecessor-version":[{"id":1749,"href":"https:\/\/bewadesch.com\/index.php\/wp-json\/wp\/v2\/posts\/1747\/revisions\/1749"}],"wp:featuredmedia":[{"embeddable":true,"href":"https:\/\/bewadesch.com\/index.php\/wp-json\/wp\/v2\/media\/1748"}],"wp:attachment":[{"href":"https:\/\/bewadesch.com\/index.php\/wp-json\/wp\/v2\/media?parent=1747"}],"wp:term":[{"taxonomy":"category","embeddable":true,"href":"https:\/\/bewadesch.com\/index.php\/wp-json\/wp\/v2\/categories?post=1747"},{"taxonomy":"post_tag","embeddable":true,"href":"https:\/\/bewadesch.com\/index.php\/wp-json\/wp\/v2\/tags?post=1747"}],"curies":[{"name":"wp","href":"https:\/\/api.w.org\/{rel}","templated":true}]}}