{"id":1566,"date":"2021-03-22T16:49:19","date_gmt":"2021-03-22T16:49:19","guid":{"rendered":"https:\/\/bewadesch.com\/?p=1566"},"modified":"2022-09-08T15:39:20","modified_gmt":"2022-09-08T13:39:20","slug":"global-oder-regional","status":"publish","type":"post","link":"https:\/\/bewadesch.com\/index.php\/2021\/03\/22\/global-oder-regional\/","title":{"rendered":"Global oder Regional?"},"content":{"rendered":"\n<p>Regional ist ein sehr dehnbarer Begriff. Man kann Regionalit\u00e4t eng sehen. Wenn ich zu Fu\u00df meine Lebensmittel beim nahen Hofladen holen kann, ist das sicherlich die umweltvertr\u00e4glichste L\u00f6sung. Wenn ich mit dem Auto zum n\u00e4chsten Supermarkt fahre und dort Waren aus aller Welt kaufe wird die Sache schon komplizierter. Wie gro\u00df ist <strong>unsere<\/strong> Region beim Einkauf? Ganz \u00e4hnlich verh\u00e4lt es sich bei biologischen Produkten. Momentan wollen sich die gro\u00dfen Handelsketten mit dem werbewirksamen &#8222;BIO&#8220; zu oft nur ein gr\u00fcnes Image zulegen. Meiner Meinung nach haben biologisch oder \u00f6kologisch erzeugte Lebensmittel aus fernen L\u00e4ndern nichts in unseren Regalen verloren. Genau so wenig d\u00fcrfte es solche Produkte aus Massentierhaltung geben. In \u00d6sterreich gibt es nahezu die strengsten Richtlinien und Kontrollen bei BIO! Wir haben etwa im Bundesland Salzburg einen sehr hohen Anteil von Biobetrieben. Leider beginnt unsere Neidgesellschaft gleich wieder mit einem gnadenlosen Preiskampf bei hochwertigen Produkten. Verg\u00f6nnen wir doch unseren ehrlichen kleinen Produzenten einen fairen Preis!!!! Die Schn\u00e4ppchenjagd und der Billigwahn ruinieren sonst auch noch die letzten klein b\u00e4uerlichen Strukturen in unserem sch\u00f6nen Land.<\/p>\n\n\n\n<p>Bitte helft ALLE mit eine Trendwende herbeizuf\u00fchren! Jeder einzelne Konsument kann etwas bewegen!<\/p>\n","protected":false},"excerpt":{"rendered":"<p>Regional ist ein sehr dehnbarer Begriff. Man kann Regionalit\u00e4t eng sehen. Wenn ich zu Fu\u00df meine Lebensmittel beim nahen Hofladen holen kann, ist das sicherlich die umweltvertr\u00e4glichste L\u00f6sung. Wenn ich mit dem Auto zum n\u00e4chsten Supermarkt fahre und dort Waren aus aller Welt kaufe wird die Sache schon komplizierter. Wie [&hellip;]<\/p>\n","protected":false},"author":1,"featured_media":1567,"comment_status":"open","ping_status":"open","sticky":false,"template":"","format":"standard","meta":{"ngg_post_thumbnail":0,"footnotes":""},"categories":[6,5],"tags":[108,139],"class_list":["post-1566","post","type-post","status-publish","format-standard","has-post-thumbnail","hentry","category-aufrufe","category-lebensmittel","tag-preiskampf","tag-region"],"aioseo_notices":[],"_links":{"self":[{"href":"https:\/\/bewadesch.com\/index.php\/wp-json\/wp\/v2\/posts\/1566","targetHints":{"allow":["GET"]}}],"collection":[{"href":"https:\/\/bewadesch.com\/index.php\/wp-json\/wp\/v2\/posts"}],"about":[{"href":"https:\/\/bewadesch.com\/index.php\/wp-json\/wp\/v2\/types\/post"}],"author":[{"embeddable":true,"href":"https:\/\/bewadesch.com\/index.php\/wp-json\/wp\/v2\/users\/1"}],"replies":[{"embeddable":true,"href":"https:\/\/bewadesch.com\/index.php\/wp-json\/wp\/v2\/comments?post=1566"}],"version-history":[{"count":2,"href":"https:\/\/bewadesch.com\/index.php\/wp-json\/wp\/v2\/posts\/1566\/revisions"}],"predecessor-version":[{"id":1570,"href":"https:\/\/bewadesch.com\/index.php\/wp-json\/wp\/v2\/posts\/1566\/revisions\/1570"}],"wp:featuredmedia":[{"embeddable":true,"href":"https:\/\/bewadesch.com\/index.php\/wp-json\/wp\/v2\/media\/1567"}],"wp:attachment":[{"href":"https:\/\/bewadesch.com\/index.php\/wp-json\/wp\/v2\/media?parent=1566"}],"wp:term":[{"taxonomy":"category","embeddable":true,"href":"https:\/\/bewadesch.com\/index.php\/wp-json\/wp\/v2\/categories?post=1566"},{"taxonomy":"post_tag","embeddable":true,"href":"https:\/\/bewadesch.com\/index.php\/wp-json\/wp\/v2\/tags?post=1566"}],"curies":[{"name":"wp","href":"https:\/\/api.w.org\/{rel}","templated":true}]}}