{"id":1432,"date":"2021-03-03T18:16:23","date_gmt":"2021-03-03T18:16:23","guid":{"rendered":"https:\/\/bewadesch.com\/?p=1432"},"modified":"2022-09-08T16:09:21","modified_gmt":"2022-09-08T14:09:21","slug":"eigenverantwortung","status":"publish","type":"post","link":"https:\/\/bewadesch.com\/index.php\/2021\/03\/03\/eigenverantwortung\/","title":{"rendered":"Eigenverantwortung"},"content":{"rendered":"\n<p>Wir suchen die Schuld f\u00fcr bestimmte Entwicklungen meistens bei allen anderen. Die Konsumenten geben dem Handel die Schuld, der Produzent gibt dem Konsumenten die Schuld, der Handel sucht die Schuldigen unter seinen Zulieferern usw&#8230;.. Dann warten wir auf Vorgaben der Politik und jammern gleichzeitig \u00fcber zu viele Vorschriften, Gesetze und Verbote. Mein Vorschlag w\u00e4re folgender: Wir fangen am besten heute an uns zu fragen wo wir selber etwas \u00e4ndern k\u00f6nnen!!!!!! Ich glaube an die Macht der Konsumenten. Wenn ein bestimmtes Produkt nicht gekauft wird verschwindet es sehr schnell aus dem Regal. Nehmen wir uns Zeit beim Einkauf und sind kritisch gegen\u00fcber jeglicher Werbung. Gerade in Pandemiezeiten bin ich draufgekommen wie vieles ich nicht <strong>brauche<\/strong>. Oder braucht jemand von euch 30 verschiedene Joghurts??? Ich hoffe ich kann m\u00f6glichst viele Menschen wenigstens zum Nachdenken motivieren. Meine Motivation solche Texte zu schreiben und Taten zu setzen h\u00e4lt hoffentlich sehr lang an. <\/p>\n","protected":false},"excerpt":{"rendered":"<p>Wir suchen die Schuld f\u00fcr bestimmte Entwicklungen meistens bei allen anderen. Die Konsumenten geben dem Handel die Schuld, der Produzent gibt dem Konsumenten die Schuld, der Handel sucht die Schuldigen unter seinen Zulieferern usw&#8230;.. Dann warten wir auf Vorgaben der Politik und jammern gleichzeitig \u00fcber zu viele Vorschriften, Gesetze und [&hellip;]<\/p>\n","protected":false},"author":1,"featured_media":1433,"comment_status":"open","ping_status":"open","sticky":false,"template":"","format":"standard","meta":{"ngg_post_thumbnail":0,"footnotes":""},"categories":[1,18],"tags":[196],"class_list":["post-1432","post","type-post","status-publish","format-standard","has-post-thumbnail","hentry","category-allgemein","category-land-und-leute","tag-eigenverantwortung"],"aioseo_notices":[],"_links":{"self":[{"href":"https:\/\/bewadesch.com\/index.php\/wp-json\/wp\/v2\/posts\/1432","targetHints":{"allow":["GET"]}}],"collection":[{"href":"https:\/\/bewadesch.com\/index.php\/wp-json\/wp\/v2\/posts"}],"about":[{"href":"https:\/\/bewadesch.com\/index.php\/wp-json\/wp\/v2\/types\/post"}],"author":[{"embeddable":true,"href":"https:\/\/bewadesch.com\/index.php\/wp-json\/wp\/v2\/users\/1"}],"replies":[{"embeddable":true,"href":"https:\/\/bewadesch.com\/index.php\/wp-json\/wp\/v2\/comments?post=1432"}],"version-history":[{"count":4,"href":"https:\/\/bewadesch.com\/index.php\/wp-json\/wp\/v2\/posts\/1432\/revisions"}],"predecessor-version":[{"id":1460,"href":"https:\/\/bewadesch.com\/index.php\/wp-json\/wp\/v2\/posts\/1432\/revisions\/1460"}],"wp:featuredmedia":[{"embeddable":true,"href":"https:\/\/bewadesch.com\/index.php\/wp-json\/wp\/v2\/media\/1433"}],"wp:attachment":[{"href":"https:\/\/bewadesch.com\/index.php\/wp-json\/wp\/v2\/media?parent=1432"}],"wp:term":[{"taxonomy":"category","embeddable":true,"href":"https:\/\/bewadesch.com\/index.php\/wp-json\/wp\/v2\/categories?post=1432"},{"taxonomy":"post_tag","embeddable":true,"href":"https:\/\/bewadesch.com\/index.php\/wp-json\/wp\/v2\/tags?post=1432"}],"curies":[{"name":"wp","href":"https:\/\/api.w.org\/{rel}","templated":true}]}}